{"id":9766,"date":"2020-08-21T19:19:28","date_gmt":"2020-08-21T19:19:28","guid":{"rendered":"http:\/\/elterritorialweb.com.ar\/web\/?p=9766"},"modified":"2020-08-21T19:20:04","modified_gmt":"2020-08-21T19:20:04","slug":"covid-19-en-santiago-el-sease-107-contara-con-15-lineas-rotativas","status":"publish","type":"post","link":"https:\/\/elterritorialweb.com.ar\/web\/covid-19-en-santiago-el-sease-107-contara-con-15-lineas-rotativas\/","title":{"rendered":"COVID-19 EN SANTIAGO: EL SEASE 107 CONTAR\u00c1 CON 15 LINEAS ROTATIVAS"},"content":{"rendered":"\n<p>El&nbsp;<strong>Sease 107 comenzar\u00e1 a contar con 15 l\u00edneas rotativas para poder brindar mayor contenci\u00f3n<\/strong>&nbsp;a las necesidades que surgen en la sociedad en esta \u00e9poca de pandemia.<\/p>\n\n\n\n<p>As\u00ed lo inform\u00f3<strong>&nbsp;el Dr. Ariel Trejo, director del Sease, en una conferencia de prensa realizada este viernes desde el Forum<\/strong>. All\u00ed tambi\u00e9n estuvo la doctora Marta Tarchini, de&nbsp;<strong>Atenci\u00f3n Primaria de la Salud (APS).<\/strong><\/p>\n\n\n\n<p>\u201c<em>La primera l\u00ednea de contenci\u00f3n la tenemos en el 107. El objetivo es dar respuestas a la sociedad. Comenzamos con cuatro l\u00edneas rotativas, y ahora tenemos 15. Ampliamos la capacidad operativa porque la cantidad de llamadas super\u00f3 la estructura que ten\u00edamos<\/em>\u201d, se\u00f1al\u00f3 Trejo.<\/p>\n\n\n\n<p>Adem\u00e1s, indic\u00f3 que \u201clos que tienen que llamar deben presentar los s\u00edntomas. Algunos lo hacen demandando un hisopado; y eso se har\u00e1 seg\u00fan el criterio epidemiol\u00f3gico\u201d, puntualiz\u00f3.<\/p>\n\n\n\n<figure><iframe data-src=\"https:\/\/www.facebook.com\/plugins\/video.php?href=https%3A%2F%2Fwww.facebook.com%2Fministeriosaludsantiago%2Fvideos%2F2674151086186286%2F&amp;show_text=0&amp;width=560\" width=\"560\" height=\"315\" allowfullscreen=\"true\" src=\"data:image\/svg+xml;base64,PHN2ZyB3aWR0aD0iMSIgaGVpZ2h0PSIxIiB4bWxucz0iaHR0cDovL3d3dy53My5vcmcvMjAwMC9zdmciPjwvc3ZnPg==\" class=\"lazyload\" data-load-mode=\"1\"><\/iframe><\/figure>\n","protected":false},"excerpt":{"rendered":"<p>El&nbsp;Sease 107 comenzar\u00e1 a contar con 15 l\u00edneas rotativas para poder brindar mayor contenci\u00f3n&nbsp;a las&#8230;<\/p>\n","protected":false},"author":2,"featured_media":9767,"comment_status":"open","ping_status":"open","sticky":false,"template":"","format":"standard","meta":{"om_disable_all_campaigns":false,"_monsterinsights_skip_tracking":false,"_monsterinsights_sitenote_active":false,"_monsterinsights_sitenote_note":"","_monsterinsights_sitenote_category":0,"_uf_show_specific_survey":0,"_uf_disable_surveys":false,"jetpack_post_was_ever_published":false,"_jetpack_newsletter_access":"","_jetpack_dont_email_post_to_subs":false,"_jetpack_newsletter_tier_id":0,"_jetpack_memberships_contains_paywalled_content":false,"_jetpack_memberships_contains_paid_content":false,"footnotes":"","jetpack_publicize_message":"","jetpack_publicize_feature_enabled":true,"jetpack_social_post_already_shared":false,"jetpack_social_options":{"image_generator_settings":{"template":"highway","default_image_id":0,"font":"","enabled":false},"version":2}},"categories":[3],"tags":[],"class_list":["post-9766","post","type-post","status-publish","format-standard","has-post-thumbnail","hentry","category-salud"],"aioseo_notices":[],"views":4,"jetpack_publicize_connections":[],"jetpack_featured_media_url":"https:\/\/i0.wp.com\/elterritorialweb.com.ar\/web\/wp-content\/uploads\/2020\/08\/2020-08-21-3.png?fit=900%2C506&ssl=1","jetpack_sharing_enabled":true,"_links":{"self":[{"href":"https:\/\/elterritorialweb.com.ar\/web\/wp-json\/wp\/v2\/posts\/9766","targetHints":{"allow":["GET"]}}],"collection":[{"href":"https:\/\/elterritorialweb.com.ar\/web\/wp-json\/wp\/v2\/posts"}],"about":[{"href":"https:\/\/elterritorialweb.com.ar\/web\/wp-json\/wp\/v2\/types\/post"}],"author":[{"embeddable":true,"href":"https:\/\/elterritorialweb.com.ar\/web\/wp-json\/wp\/v2\/users\/2"}],"replies":[{"embeddable":true,"href":"https:\/\/elterritorialweb.com.ar\/web\/wp-json\/wp\/v2\/comments?post=9766"}],"version-history":[{"count":1,"href":"https:\/\/elterritorialweb.com.ar\/web\/wp-json\/wp\/v2\/posts\/9766\/revisions"}],"predecessor-version":[{"id":9768,"href":"https:\/\/elterritorialweb.com.ar\/web\/wp-json\/wp\/v2\/posts\/9766\/revisions\/9768"}],"wp:featuredmedia":[{"embeddable":true,"href":"https:\/\/elterritorialweb.com.ar\/web\/wp-json\/wp\/v2\/media\/9767"}],"wp:attachment":[{"href":"https:\/\/elterritorialweb.com.ar\/web\/wp-json\/wp\/v2\/media?parent=9766"}],"wp:term":[{"taxonomy":"category","embeddable":true,"href":"https:\/\/elterritorialweb.com.ar\/web\/wp-json\/wp\/v2\/categories?post=9766"},{"taxonomy":"post_tag","embeddable":true,"href":"https:\/\/elterritorialweb.com.ar\/web\/wp-json\/wp\/v2\/tags?post=9766"}],"curies":[{"name":"wp","href":"https:\/\/api.w.org\/{rel}","templated":true}]}}