{"id":9769,"date":"2020-08-21T19:49:43","date_gmt":"2020-08-21T19:49:43","guid":{"rendered":"http:\/\/elterritorialweb.com.ar\/web\/?p=9769"},"modified":"2020-08-21T19:49:44","modified_gmt":"2020-08-21T19:49:44","slug":"imputaron-a-viviana-canosa-por-ejercicio-ilegal-de-la-medicina","status":"publish","type":"post","link":"https:\/\/elterritorialweb.com.ar\/web\/imputaron-a-viviana-canosa-por-ejercicio-ilegal-de-la-medicina\/","title":{"rendered":"IMPUTARON A VIVIANA CANOSA POR \u00abEJERCICIO ILEGAL DE LA MEDICINA\u00bb"},"content":{"rendered":"\n<p><strong>Juan Manuel Dragani<\/strong>, abogado de<strong>\u00a0Viviana Canosa<\/strong>, confirm\u00f3 que la conductora fue imputada por el delito de<em><strong>\u00a0\u00abejercicio ilegal de la medicina\u00bb<\/strong><\/em>\u00a0tras la denuncia del diputado neuquino del\u00a0<strong>Frente de Todos, Mariano Mansilla.<\/strong><\/p>\n\n\n\n<p><em>\u00abViviana est\u00e1 mal. Tuvo un fin de semana donde pr\u00e1cticamente no pudo dormir por esta situaci\u00f3n\u00bb,&nbsp;<\/em>arranc\u00f3 diciendo el letrado en el ciclo&nbsp;<strong>\u00abPor si las moscas\u00bb, en la OnceDiez.<\/strong><\/p>\n\n\n\n<p>Y continu\u00f3:&nbsp;<em>\u00abEstoy en condiciones de afirmar que se trata de una injusticia, una arbitrariedad, un ensa\u00f1amiento. Por supuesto que despu\u00e9s las conductas son cuestionables\u00bb.<\/em><\/p>\n\n\n\n<p>El diputado neuquino denunci\u00f3 a<strong>&nbsp;Viviana Canosa<\/strong>&nbsp;por presunto&nbsp;<em>\u00abdelito de curander\u00eda o ejercicio ilegal de la medicina\u00bb<\/em>&nbsp;luego de que \u00e9sta bebi\u00f3 di\u00f3xido de cloro en su programa de&nbsp;<strong>El Nueve, \u00abNada Personal\u00bb.<\/strong><\/p>\n\n\n\n<p><em>\u00abLa primera de las aristas por la cual me consult\u00f3 es porque queda imputada en una causa penal que tramita en la Fiscal\u00eda en lo Penal, Contravencional y de Faltas N.\u00b0 6 de la Ciudad de Buenos Aires, pero le imputan el art\u00edculo 208 de ese c\u00f3digo que es el delito de &#8216;ejercicio ilegal de la medicina&#8217;, cosa que est\u00e1 claro que la conducta no se adecua al tipo putativo que estipula la norma\u00bb,<\/em>&nbsp;se\u00f1al\u00f3 el abogado.<\/p>\n\n\n\n<p><em>\u00abLa denuncia podr\u00eda haber sido ingresada por cualquier ciudadano. Pero lo de este diputado es poco entendible. Entiendo que las conductas est\u00e1n cargadas de subjetividad pero ella cuando comete el acto aclar\u00f3 \u2018no lo recomiendo\u2019, entonces la conducta que desarroll\u00f3 Viviana en el programa no se condice con la conducta que plantea este art\u00edculo\u00bb,&nbsp;<\/em>asegur\u00f3.<\/p>\n\n\n\n<p>De esta manera, adelant\u00f3 que<em>&nbsp;\u201cuna vez que logremos el sobreseimiento vamos a ir por todas las personas que tergiversaron sus dichos e iniciaremos acciones por da\u00f1os y perjuicios\u201d.<\/em><\/p>\n","protected":false},"excerpt":{"rendered":"<p>El abogado de la conductora del Nueve, Juan Manuel Dragani, afirm\u00f3 que la animadora fue imputada tras la denuncia del diputado neuquino del Frente de Todos, Mariano Mansilla.<\/p>\n","protected":false},"author":2,"featured_media":9770,"comment_status":"open","ping_status":"open","sticky":false,"template":"","format":"standard","meta":{"om_disable_all_campaigns":false,"_monsterinsights_skip_tracking":false,"_monsterinsights_sitenote_active":false,"_monsterinsights_sitenote_note":"","_monsterinsights_sitenote_category":0,"_uf_show_specific_survey":0,"_uf_disable_surveys":false,"jetpack_post_was_ever_published":false,"_jetpack_newsletter_access":"","_jetpack_dont_email_post_to_subs":false,"_jetpack_newsletter_tier_id":0,"_jetpack_memberships_contains_paywalled_content":false,"_jetpack_memberships_contains_paid_content":false,"footnotes":"","jetpack_publicize_message":"","jetpack_publicize_feature_enabled":true,"jetpack_social_post_already_shared":false,"jetpack_social_options":{"image_generator_settings":{"template":"highway","default_image_id":0,"font":"","enabled":false},"version":2}},"categories":[20],"tags":[],"class_list":["post-9769","post","type-post","status-publish","format-standard","has-post-thumbnail","hentry","category-especysociales"],"aioseo_notices":[],"views":5,"jetpack_publicize_connections":[],"jetpack_featured_media_url":"https:\/\/i0.wp.com\/elterritorialweb.com.ar\/web\/wp-content\/uploads\/2020\/08\/VIVIANA-CANOSA-IMPUTADA.jpg?fit=470%2C269&ssl=1","jetpack_sharing_enabled":true,"_links":{"self":[{"href":"https:\/\/elterritorialweb.com.ar\/web\/wp-json\/wp\/v2\/posts\/9769","targetHints":{"allow":["GET"]}}],"collection":[{"href":"https:\/\/elterritorialweb.com.ar\/web\/wp-json\/wp\/v2\/posts"}],"about":[{"href":"https:\/\/elterritorialweb.com.ar\/web\/wp-json\/wp\/v2\/types\/post"}],"author":[{"embeddable":true,"href":"https:\/\/elterritorialweb.com.ar\/web\/wp-json\/wp\/v2\/users\/2"}],"replies":[{"embeddable":true,"href":"https:\/\/elterritorialweb.com.ar\/web\/wp-json\/wp\/v2\/comments?post=9769"}],"version-history":[{"count":1,"href":"https:\/\/elterritorialweb.com.ar\/web\/wp-json\/wp\/v2\/posts\/9769\/revisions"}],"predecessor-version":[{"id":9771,"href":"https:\/\/elterritorialweb.com.ar\/web\/wp-json\/wp\/v2\/posts\/9769\/revisions\/9771"}],"wp:featuredmedia":[{"embeddable":true,"href":"https:\/\/elterritorialweb.com.ar\/web\/wp-json\/wp\/v2\/media\/9770"}],"wp:attachment":[{"href":"https:\/\/elterritorialweb.com.ar\/web\/wp-json\/wp\/v2\/media?parent=9769"}],"wp:term":[{"taxonomy":"category","embeddable":true,"href":"https:\/\/elterritorialweb.com.ar\/web\/wp-json\/wp\/v2\/categories?post=9769"},{"taxonomy":"post_tag","embeddable":true,"href":"https:\/\/elterritorialweb.com.ar\/web\/wp-json\/wp\/v2\/tags?post=9769"}],"curies":[{"name":"wp","href":"https:\/\/api.w.org\/{rel}","templated":true}]}}