{"id":9772,"date":"2020-08-21T20:06:34","date_gmt":"2020-08-21T20:06:34","guid":{"rendered":"http:\/\/elterritorialweb.com.ar\/web\/?p=9772"},"modified":"2020-08-21T20:06:36","modified_gmt":"2020-08-21T20:06:36","slug":"fantino-regreso-al-aire-tras-de-recuperarse-del-coronavirus","status":"publish","type":"post","link":"https:\/\/elterritorialweb.com.ar\/web\/fantino-regreso-al-aire-tras-de-recuperarse-del-coronavirus\/","title":{"rendered":"FANTINO REGRES\u00d3 AL AIRE TRAS DE RECUPERARSE DEL CORONAVIRUS"},"content":{"rendered":"\n<p><strong>Alejandro Fantino<\/strong>\u00a0regres\u00f3 al aire este viernes a la pantalla de\u00a0<strong>Am\u00e9rica<\/strong>\u00a0tras recuperarse del coronavirus. Su lugar fue ocupado estos d\u00edas por\u00a0<strong>Horacio Cabak<\/strong>.<\/p>\n\n\n\n<p><em>\u00abTengo el alta, se fue, pero hay un tiempo de alta de recuperaci\u00f3n total. No cre\u00eda que te pod\u00eda dejar tanto tiempo cansado. Me cuesta cansarme tanto en el trabajo como haciendo deporte. Pero el post es eso b\u00e1sicamente, tengo un poco de cansancio\u00bb,<\/em>\u00a0indic\u00f3 el conductor de<strong>\u00a0\u00abFantino a la tarde\u00bb.<\/strong><\/p>\n\n\n\n<p><em>\u00abTen\u00eda dolor de espalda y picaz\u00f3n en la garganta el viernes. El s\u00e1bado a la ma\u00f1ana me levant\u00e9 con fiebre, llam\u00e9 a mi m\u00e9dico, me hisop\u00e9 y dio positivo\u00bb,<\/em>&nbsp;explic\u00f3 sobre los s\u00edntomas.<\/p>\n\n\n\n<p><em>\u00abEn mi caso tuve fiebre unas horas y tuve un tr\u00e1nsito por la enfermedad absolutamente bancable. Sent\u00ed cansancio pero no dolores\u00bb,<\/em>\u00a0enfatiz\u00f3\u00a0<strong>Alejandro<\/strong>.<\/p>\n\n\n\n<p><em>\u00abAhora s\u00ed sent\u00ed mucho miedo, mucho cagazo. Un cagazo padre. Esos d\u00edas estuve muy asustado. Me tomaba la fiebre cada una hora\u00bb<\/em>, finaliz\u00f3.<\/p>\n","protected":false},"excerpt":{"rendered":"<p>El conductor regres\u00f3 al estudio de \u00abFantino a la tarde\u00bb y cont\u00f3 c\u00f3mo vivi\u00f3 esos d\u00edas de aislamiento. \u00abEsos d\u00edas estuve muy asustado\u00bb, indic\u00f3.<\/p>\n","protected":false},"author":2,"featured_media":9773,"comment_status":"open","ping_status":"open","sticky":false,"template":"","format":"standard","meta":{"om_disable_all_campaigns":false,"_monsterinsights_skip_tracking":false,"_monsterinsights_sitenote_active":false,"_monsterinsights_sitenote_note":"","_monsterinsights_sitenote_category":0,"_uf_show_specific_survey":0,"_uf_disable_surveys":false,"jetpack_post_was_ever_published":false,"_jetpack_newsletter_access":"","_jetpack_dont_email_post_to_subs":false,"_jetpack_newsletter_tier_id":0,"_jetpack_memberships_contains_paywalled_content":false,"_jetpack_memberships_contains_paid_content":false,"footnotes":"","jetpack_publicize_message":"","jetpack_publicize_feature_enabled":true,"jetpack_social_post_already_shared":false,"jetpack_social_options":{"image_generator_settings":{"template":"highway","default_image_id":0,"font":"","enabled":false},"version":2}},"categories":[20],"tags":[],"class_list":["post-9772","post","type-post","status-publish","format-standard","has-post-thumbnail","hentry","category-especysociales"],"aioseo_notices":[],"views":1,"jetpack_publicize_connections":[],"jetpack_featured_media_url":"https:\/\/i0.wp.com\/elterritorialweb.com.ar\/web\/wp-content\/uploads\/2020\/08\/FANTINO-VOLVIO-TRAS-RECUPERARSE-DE-COVID-19.jpg?fit=327%2C168&ssl=1","jetpack_sharing_enabled":true,"_links":{"self":[{"href":"https:\/\/elterritorialweb.com.ar\/web\/wp-json\/wp\/v2\/posts\/9772","targetHints":{"allow":["GET"]}}],"collection":[{"href":"https:\/\/elterritorialweb.com.ar\/web\/wp-json\/wp\/v2\/posts"}],"about":[{"href":"https:\/\/elterritorialweb.com.ar\/web\/wp-json\/wp\/v2\/types\/post"}],"author":[{"embeddable":true,"href":"https:\/\/elterritorialweb.com.ar\/web\/wp-json\/wp\/v2\/users\/2"}],"replies":[{"embeddable":true,"href":"https:\/\/elterritorialweb.com.ar\/web\/wp-json\/wp\/v2\/comments?post=9772"}],"version-history":[{"count":1,"href":"https:\/\/elterritorialweb.com.ar\/web\/wp-json\/wp\/v2\/posts\/9772\/revisions"}],"predecessor-version":[{"id":9774,"href":"https:\/\/elterritorialweb.com.ar\/web\/wp-json\/wp\/v2\/posts\/9772\/revisions\/9774"}],"wp:featuredmedia":[{"embeddable":true,"href":"https:\/\/elterritorialweb.com.ar\/web\/wp-json\/wp\/v2\/media\/9773"}],"wp:attachment":[{"href":"https:\/\/elterritorialweb.com.ar\/web\/wp-json\/wp\/v2\/media?parent=9772"}],"wp:term":[{"taxonomy":"category","embeddable":true,"href":"https:\/\/elterritorialweb.com.ar\/web\/wp-json\/wp\/v2\/categories?post=9772"},{"taxonomy":"post_tag","embeddable":true,"href":"https:\/\/elterritorialweb.com.ar\/web\/wp-json\/wp\/v2\/tags?post=9772"}],"curies":[{"name":"wp","href":"https:\/\/api.w.org\/{rel}","templated":true}]}}