{"id":9775,"date":"2020-08-21T21:05:28","date_gmt":"2020-08-21T21:05:28","guid":{"rendered":"http:\/\/elterritorialweb.com.ar\/web\/?p=9775"},"modified":"2020-08-21T21:07:58","modified_gmt":"2020-08-21T21:07:58","slug":"se-realizan-testeos-rapidos-en-cuatro-barrios-de-la-capital","status":"publish","type":"post","link":"https:\/\/elterritorialweb.com.ar\/web\/se-realizan-testeos-rapidos-en-cuatro-barrios-de-la-capital\/","title":{"rendered":"SE REALIZAN TESTEOS R\u00c1PIDOS EN CUATRO BARRIOS DE LA CAPITAL"},"content":{"rendered":"\n<p>La Directora de Atenci\u00f3n Primaria de la Salud, <strong>Dra Tarchini<\/strong> inform\u00f3 que se realizan operativos de<strong> testeo r\u00e1pido<\/strong> en los<strong> barrios Siglo XX, Siglo XIX, Siglo XXI y Reconquista<\/strong> durante la tarde de hoy.<\/p>\n\n\n\n<p>En estos barrios se har\u00e1 un mapeo epidemiol\u00f3gico de acuerdo a los test r\u00e1pidos, para ver si es necesario diagramar o programar alg\u00fan hisopado, seg\u00fan explic\u00f3 la Directora. Tambi\u00e9n, el personal de salud har\u00e1 identificaci\u00f3n de personas sintom\u00e1ticas o con alg\u00fan riesgo. <strong>\u201cUn tema importante son las embarazadas, en donde comenzaremos a con aquellas que tengan diagn\u00f3stico positivo, para controlarlas en su hogar hasta que puedan concurrir al centro asistencial. Hay un equipo itinerante que las estar\u00e1 monitoreando mientras dure su aislamiento\u201d<\/strong>, subray\u00f3 la Dra Tarchini.<\/p>\n\n\n\n<figure class=\"wp-block-image size-large\"><img data-recalc-dims=\"1\" decoding=\"async\" width=\"602\" height=\"383\" data-src=\"https:\/\/i0.wp.com\/elterritorialweb.com.ar\/web\/wp-content\/uploads\/2020\/08\/TESTEOS-RAPIDOS-1-1.jpg?resize=602%2C383\" alt=\"\" class=\"wp-image-9777 lazyload\" data-srcset=\"https:\/\/i0.wp.com\/elterritorialweb.com.ar\/web\/wp-content\/uploads\/2020\/08\/TESTEOS-RAPIDOS-1-1.jpg?w=602&amp;ssl=1 602w, https:\/\/i0.wp.com\/elterritorialweb.com.ar\/web\/wp-content\/uploads\/2020\/08\/TESTEOS-RAPIDOS-1-1.jpg?resize=300%2C191&amp;ssl=1 300w\" data-sizes=\"(max-width: 602px) 100vw, 602px\" src=\"data:image\/svg+xml;base64,PHN2ZyB3aWR0aD0iMSIgaGVpZ2h0PSIxIiB4bWxucz0iaHR0cDovL3d3dy53My5vcmcvMjAwMC9zdmciPjwvc3ZnPg==\" style=\"--smush-placeholder-width: 602px; --smush-placeholder-aspect-ratio: 602\/383;\" \/><\/figure>\n","protected":false},"excerpt":{"rendered":"<p>La Directora de Atenci\u00f3n Primaria de la Salud, Dra Tarchini inform\u00f3 que se realizan operativos&#8230;<\/p>\n","protected":false},"author":2,"featured_media":9776,"comment_status":"open","ping_status":"open","sticky":false,"template":"","format":"standard","meta":{"om_disable_all_campaigns":false,"_monsterinsights_skip_tracking":false,"_monsterinsights_sitenote_active":false,"_monsterinsights_sitenote_note":"","_monsterinsights_sitenote_category":0,"_uf_show_specific_survey":0,"_uf_disable_surveys":false,"jetpack_post_was_ever_published":false,"_jetpack_newsletter_access":"","_jetpack_dont_email_post_to_subs":false,"_jetpack_newsletter_tier_id":0,"_jetpack_memberships_contains_paywalled_content":false,"_jetpack_memberships_contains_paid_content":false,"footnotes":"","jetpack_publicize_message":"","jetpack_publicize_feature_enabled":true,"jetpack_social_post_already_shared":false,"jetpack_social_options":{"image_generator_settings":{"template":"highway","default_image_id":0,"font":"","enabled":false},"version":2}},"categories":[3],"tags":[],"class_list":["post-9775","post","type-post","status-publish","format-standard","has-post-thumbnail","hentry","category-salud"],"aioseo_notices":[],"views":6,"jetpack_publicize_connections":[],"jetpack_featured_media_url":"https:\/\/i0.wp.com\/elterritorialweb.com.ar\/web\/wp-content\/uploads\/2020\/08\/TESTEOS-RAPIDOS-1.jpg?fit=961%2C540&ssl=1","jetpack_sharing_enabled":true,"_links":{"self":[{"href":"https:\/\/elterritorialweb.com.ar\/web\/wp-json\/wp\/v2\/posts\/9775","targetHints":{"allow":["GET"]}}],"collection":[{"href":"https:\/\/elterritorialweb.com.ar\/web\/wp-json\/wp\/v2\/posts"}],"about":[{"href":"https:\/\/elterritorialweb.com.ar\/web\/wp-json\/wp\/v2\/types\/post"}],"author":[{"embeddable":true,"href":"https:\/\/elterritorialweb.com.ar\/web\/wp-json\/wp\/v2\/users\/2"}],"replies":[{"embeddable":true,"href":"https:\/\/elterritorialweb.com.ar\/web\/wp-json\/wp\/v2\/comments?post=9775"}],"version-history":[{"count":1,"href":"https:\/\/elterritorialweb.com.ar\/web\/wp-json\/wp\/v2\/posts\/9775\/revisions"}],"predecessor-version":[{"id":9778,"href":"https:\/\/elterritorialweb.com.ar\/web\/wp-json\/wp\/v2\/posts\/9775\/revisions\/9778"}],"wp:featuredmedia":[{"embeddable":true,"href":"https:\/\/elterritorialweb.com.ar\/web\/wp-json\/wp\/v2\/media\/9776"}],"wp:attachment":[{"href":"https:\/\/elterritorialweb.com.ar\/web\/wp-json\/wp\/v2\/media?parent=9775"}],"wp:term":[{"taxonomy":"category","embeddable":true,"href":"https:\/\/elterritorialweb.com.ar\/web\/wp-json\/wp\/v2\/categories?post=9775"},{"taxonomy":"post_tag","embeddable":true,"href":"https:\/\/elterritorialweb.com.ar\/web\/wp-json\/wp\/v2\/tags?post=9775"}],"curies":[{"name":"wp","href":"https:\/\/api.w.org\/{rel}","templated":true}]}}