{"id":9779,"date":"2020-08-21T21:38:01","date_gmt":"2020-08-21T21:38:01","guid":{"rendered":"http:\/\/elterritorialweb.com.ar\/web\/?p=9779"},"modified":"2020-08-21T21:38:02","modified_gmt":"2020-08-21T21:38:02","slug":"fernandez-estamos-dando-otro-paso-para-poner-a-la-argentina-de-pie","status":"publish","type":"post","link":"https:\/\/elterritorialweb.com.ar\/web\/fernandez-estamos-dando-otro-paso-para-poner-a-la-argentina-de-pie\/","title":{"rendered":"FERN\u00c1NDEZ: \u00abESTAMOS DANDO OTRO PASO, PARA PONER A LA ARGENTINA DE PIE\u00bb"},"content":{"rendered":"\n<p>El presidente Alberto Fern\u00e1ndez present\u00f3 como \u00abotro paso\u00bb para \u00abponer de pie a la Argentina\u00bb las mejoras en el servicio de Ferrocarriles que hoy acord\u00f3 con tres partidos bonaerenses, y dijo que mientras el Estado \u00absigue cuidando la salud\u00bb de los argentinos \u00abest\u00e1 volviendo a la obra p\u00fablica\u00bb, para generar desarrollo y trabajo.<\/p>\n\n\n\n<p>\u00abEstamos dando otro paso\u00bb, dijo el jefe de Estado luego de que el Gobierno nacional firmara acuerdos con los partidos bonaerenses de San Fernando, Escobar y Malvinas Argentinas, que implican una inversi\u00f3n de casi 2.600 millones de pesos, en una comunicaci\u00f3n v\u00eda videoconferencia.<\/p>\n\n\n\n<p>Desde la residencia de Olivos, el mandatario dijo que este paso se da \u00abdespu\u00e9s de dos pandemias, la de la econom\u00eda\u00bb, en referencia a c\u00f3mo recibi\u00f3 el pa\u00eds en diciembre de 2019, \u00aby la del virus\u00bb, por la pandemia que desde marzo combate la Argentina y el mundo.<\/p>\n\n\n\n<p>En comunicaci\u00f3n con los representantes de esos tres partidos bonaerenses, que estaban en Victoria, Alberto Fern\u00e1ndez destac\u00f3 la necesidad de una \u00abpresencia m\u00e1s activa del Estado\u00bb para poner \u00abde pie\u00bb a la Argentina, y record\u00f3 que cuando \u00abel Estado se ausenta, desaparecen camas de los hospitales, los respiradores y los maestros y alumnas de las escuelas\u00bb.<\/p>\n\n\n\n<p>El presidente Alberto Fern\u00e1ndez asegur\u00f3 tambi\u00e9n que se est\u00e1 trabajando \u00aben todos los planos\u00bb y que mientras se sigue \u00abcuidando la salud de los argentinos\u00bb, se est\u00e1 volviendo a \u00abla obra p\u00fablica en todo el pa\u00eds\u00bb para mejorar la calidad de vida de los argentinos.<\/p>\n\n\n\n<p>Mencion\u00f3 que ante la pandemia, la decisi\u00f3n del Gobierno nacional fue \u201cpreservar el empleo\u201d, y consider\u00f3 que \u201cla obra p\u00fablica es el motor del desarrollo de una econom\u00eda que se recupera m\u00e1s r\u00e1pido de lo pensado\u201d.<\/p>\n\n\n\n<p>El mandatario estuvo acompa\u00f1ado por el ministro de Transporte, Mario Meoni, el presidente de la C\u00e1mara de Diputados Sergio Massa, en la residencia de Olivos, donde se conect\u00f3 por videoconferencia con el gobernador de Buenos Aires, Axel Kicillof, y los intendentes de los municipios de San Fernando, Malvinas Argentinas y Escobar.<\/p>\n\n\n\n<p>Se trata de obras para la realizaci\u00f3n de pasos bajo nivel y otras mejoras de infraestructura ferroviaria de las l\u00edneas Belgrano Norte y Mitre.<\/p>\n\n\n\n<p>Antes de las palabras del Presidente, el gobernador bonaerense destac\u00f3 estas obras que llegan porque \u00abdespu\u00e9s de la pandemia es delineada por la esperanza\u00bb y agreg\u00f3 que \u00abestas obras facilitan y aceleran el transporte de pasajeros para que sea m\u00e1s f\u00e1cil vivir mas lejos de conglomerados urbanos.<\/p>\n\n\n\n<p>Por su parte, el ministro Meoni record\u00f3 que Alberto Fern\u00e1ndez le pidi\u00f3 \u00abun pa\u00eds federal\u00bb y se\u00f1al\u00f3 que \u00abel ferrocarril es la forma de lograrlo\u00bb.<\/p>\n\n\n\n<p>\u00abCuando uno mira el mapa de un pa\u00eds, ve un c\u00famulo de islas, el ferrocarril dej\u00f3 de unir, y por lo tanto de alentar el desarrollo econ\u00f3mico\u00bb, dijo.<\/p>\n\n\n\n<p>Desde los municipios bonaerenses se destac\u00f3 el efecto directo de estas obras en \u00abel mejoramiento de la calidad de vida de los vecinos\u00bb.<\/p>\n\n\n\n<p>Sergio Massa, titular de la c\u00e1mara baja, adelant\u00f3 que desde Diputados van a \u00abacompa\u00f1ar cada decisi\u00f3n en la que el Presupuesto pueda ponerse en obras\u00bb porque \u00absin inversi\u00f3n p\u00fablica no hay t\u00faneles ni trenes seguros\u00bb.<\/p>\n\n\n\n<figure class=\"wp-block-embed-twitter wp-block-embed is-type-rich is-provider-twitter\"><div class=\"wp-block-embed__wrapper\">\n<blockquote class=\"twitter-tweet\" data-width=\"550\" data-dnt=\"true\"><p lang=\"es\" dir=\"ltr\">EN VIVO | El presidente Alberto Fern\u00e1ndez encabeza por videoconferencia el anuncio de obras de infraestructura ferroviaria en los municipios bonaerenses de San Fernando, Malvinas Argentinas y Escobar. <a href=\"https:\/\/t.co\/iAlHnFqEdi\">https:\/\/t.co\/iAlHnFqEdi<\/a><\/p>&mdash; Casa Rosada (@CasaRosada) <a href=\"https:\/\/twitter.com\/CasaRosada\/status\/1296902764400971782?ref_src=twsrc%5Etfw\">August 21, 2020<\/a><\/blockquote><script async src=\"https:\/\/platform.twitter.com\/widgets.js\" charset=\"utf-8\"><\/script>\n<\/div><\/figure>\n","protected":false},"excerpt":{"rendered":"<p>El Presidente anunci\u00f3 obras de infraestructura para los partidos bonaerenses de San Fernando, Escobar y Malvinas Argentinas, por una inversi\u00f3n de casi 2.600 millones de pesos.<\/p>\n","protected":false},"author":2,"featured_media":9780,"comment_status":"open","ping_status":"open","sticky":false,"template":"","format":"standard","meta":{"om_disable_all_campaigns":false,"_monsterinsights_skip_tracking":false,"_monsterinsights_sitenote_active":false,"_monsterinsights_sitenote_note":"","_monsterinsights_sitenote_category":0,"_uf_show_specific_survey":0,"_uf_disable_surveys":false,"jetpack_post_was_ever_published":false,"_jetpack_newsletter_access":"","_jetpack_dont_email_post_to_subs":false,"_jetpack_newsletter_tier_id":0,"_jetpack_memberships_contains_paywalled_content":false,"_jetpack_memberships_contains_paid_content":false,"footnotes":"","jetpack_publicize_message":"","jetpack_publicize_feature_enabled":true,"jetpack_social_post_already_shared":false,"jetpack_social_options":{"image_generator_settings":{"template":"highway","default_image_id":0,"font":"","enabled":false},"version":2}},"categories":[18],"tags":[],"class_list":["post-9779","post","type-post","status-publish","format-standard","has-post-thumbnail","hentry","category-politica"],"aioseo_notices":[],"views":5,"jetpack_publicize_connections":[],"jetpack_featured_media_url":"https:\/\/i0.wp.com\/elterritorialweb.com.ar\/web\/wp-content\/uploads\/2020\/08\/2020-08-21-6.png?fit=1321%2C742&ssl=1","jetpack_sharing_enabled":true,"_links":{"self":[{"href":"https:\/\/elterritorialweb.com.ar\/web\/wp-json\/wp\/v2\/posts\/9779","targetHints":{"allow":["GET"]}}],"collection":[{"href":"https:\/\/elterritorialweb.com.ar\/web\/wp-json\/wp\/v2\/posts"}],"about":[{"href":"https:\/\/elterritorialweb.com.ar\/web\/wp-json\/wp\/v2\/types\/post"}],"author":[{"embeddable":true,"href":"https:\/\/elterritorialweb.com.ar\/web\/wp-json\/wp\/v2\/users\/2"}],"replies":[{"embeddable":true,"href":"https:\/\/elterritorialweb.com.ar\/web\/wp-json\/wp\/v2\/comments?post=9779"}],"version-history":[{"count":1,"href":"https:\/\/elterritorialweb.com.ar\/web\/wp-json\/wp\/v2\/posts\/9779\/revisions"}],"predecessor-version":[{"id":9781,"href":"https:\/\/elterritorialweb.com.ar\/web\/wp-json\/wp\/v2\/posts\/9779\/revisions\/9781"}],"wp:featuredmedia":[{"embeddable":true,"href":"https:\/\/elterritorialweb.com.ar\/web\/wp-json\/wp\/v2\/media\/9780"}],"wp:attachment":[{"href":"https:\/\/elterritorialweb.com.ar\/web\/wp-json\/wp\/v2\/media?parent=9779"}],"wp:term":[{"taxonomy":"category","embeddable":true,"href":"https:\/\/elterritorialweb.com.ar\/web\/wp-json\/wp\/v2\/categories?post=9779"},{"taxonomy":"post_tag","embeddable":true,"href":"https:\/\/elterritorialweb.com.ar\/web\/wp-json\/wp\/v2\/tags?post=9779"}],"curies":[{"name":"wp","href":"https:\/\/api.w.org\/{rel}","templated":true}]}}