{"id":9782,"date":"2020-08-21T21:47:03","date_gmt":"2020-08-21T21:47:03","guid":{"rendered":"http:\/\/elterritorialweb.com.ar\/web\/?p=9782"},"modified":"2020-08-21T22:06:54","modified_gmt":"2020-08-21T22:06:54","slug":"educacion-cobertura-de-cargos-y-horas-titulares-en-el-nivel-secundario-y-superior","status":"publish","type":"post","link":"https:\/\/elterritorialweb.com.ar\/web\/educacion-cobertura-de-cargos-y-horas-titulares-en-el-nivel-secundario-y-superior\/","title":{"rendered":"EDUCACI\u00d3N: COBERTURA DE CARGOS Y HORAS TITULARES EN EL NIVEL SECUNDARIO Y SUPERIOR"},"content":{"rendered":"\n<p>El Consejo General de Educaci\u00f3n a trav\u00e9s de la Direcci\u00f3n General de Nivel Secundario y Direcci\u00f3n General de Nivel Superior, informa a los docentes inscriptos y clasificados en Listado de Orden de M\u00e9rito 2020, elaborado por la Junta de Calificaciones y Clasificaciones de Nivel Secundario y de Nivel Superior que, en el marco de las medidas sanitarias establecidas por COVID &#8211; 19, se realizar\u00e1 el ofrecimiento&nbsp;para la cobertura de cargos y horas c\u00e1tedras titulares a partir de las 00.00 hs. del d\u00eda S\u00e1bado 22 y hasta las 23.59 hs. del d\u00eda domingo 23 de Agosto de 2020. Para dicho acto, los interesados deber\u00e1n ingresar al \u201cCONSEJO VIRTUAL\u201d a trav\u00e9s del portal oficial del Consejo General de Educaci\u00f3n:<\/p>\n\n\n\n<p><a href=\"http:\/\/www.cgesantiago.gob.ar\/?fbclid=IwAR118nzh2JIK3LIpS0JCul6c3ife2uomxtW2rQ4Sz00FhLAI3pDJcajnR1k\" target=\"_blank\" rel=\"noreferrer noopener\">www.cgesantiago.gob.ar<\/a>&nbsp;y registrar su opci\u00f3n. Las ofertas para el Nivel Secundario pertenecen a: Colegio Tintina &#8211; Tintina, dpto. Moreno, Colegio Secundario \u00abDomingo F. Sarmiento\u00bb- Sgo. del Estero, dpto. Capital, Colegio Secundario Agrot\u00e9cnico Quimil\u00ed &#8211; Quimili, dpto. Moreno, Colegio Secundario del Sesquicentenario &#8211; Termas de R\u00edo Hondo, dpto. R\u00edo Hondo, Escuela de Comercio \u00abRam\u00f3n G\u00f3mez Cornet\u00bb &#8211; Termas de R\u00edo Hondo, dpto. R\u00edo Hondo, Escuela T\u00e9cnica N\u00ba 5 \u00abRam\u00f3n Carrillo\u00bb- Fr\u00edas, dpto. Choya, Colegio Secundario \u00abArcadio Suarez\u00bb- La Ca\u00f1ada, dpto. Figueroa, Colegio Secundario \u00abHuaico Hondo\u00bb- Sgo del Estero, dpto. Capital, Colegio Agrot\u00e9cnico Madre Tierra &#8211; Fern\u00e1ndez, dpto. Robles, Escuela \u00abFrancisca Jacques\u00bb &#8211; Santiago del Estero, dpto. Capital, Colegio Secundario \u00abMariano \u00c1vila\u00bb- El Charco, dpto. Jim\u00e9nez, Colegio Secundario Quimil\u00ed 2008 \u2013 Quimil\u00ed, dpto. Moreno, Circuito de Itinerancias del Agrupamiento N\u00ba 86068 &#8211; Quimil\u00ed, dpto. Moreno, Colegio Secundario \u00abTrejo y Sanabria\u00bb &#8211; Suncho Corral, dpto. Ibarra, Colegio Secundario \u00abPapa Juan XXIII\u00bb- Los Pirpintos, dpto. Copo, Escuela de Comercio \u00abAntenor Ferreyra\u00bb- Santiago del Estero, dpto. Capital, C.E.N.S. N\u00ba 3 &#8211; Termas de R\u00edo Hondo, dpto. R\u00edo Hondo, Colegio Secundario \u00abCiudad de la Banda\u00bb &#8211; La Banda, dpto. Banda, Colegio Secundario H\u00e9roes de Malvinas &#8211; La Banda, dpto. Banda, Colegio Secundario \u00abEl Moj\u00f3n\u00bb- El Moj\u00f3n, dpto. Pellegrini, Escuela T\u00e9cnica N\u00ba 6 \u00abCte. Manuel Besares\u00bb- La Banda, dpto. Banda, Colegio Secundario \u00ab27 de Abril\u00bb- Colonia Tinco, dpto. R\u00edo Hondo, Colegio Secundario \u00abWeisburd\u00bb &#8211; Weisburd, dpto. Moreno, Escuela Especial M\u00e9ndez Casariego &#8211; Fr\u00edas, dpto. Choya, Agrupamiento N\u00ba 86103- Ca\u00f1ada Escobar Banda, Agrupamiento N\u00ba 86145- Campo de Amor, Dpto. Loreto.<\/p>\n\n\n\n<p>Las ofertas para Nivel Superior pertenecen a: Escuela Normal Manuel Belgrano &#8211; Sgo. del Estero, dpto. Capital, ISPP N\u00b0 2 &#8211; Fr\u00edas, dpto. Choya, IFD N\u00b0 3 Fern\u00e1ndez, dpto. Robles.<\/p>\n","protected":false},"excerpt":{"rendered":"<p>CONSEJO GENERAL DE EDUCACI\u00d3N<\/p>\n","protected":false},"author":2,"featured_media":2607,"comment_status":"open","ping_status":"open","sticky":false,"template":"","format":"standard","meta":{"om_disable_all_campaigns":false,"_monsterinsights_skip_tracking":false,"_monsterinsights_sitenote_active":false,"_monsterinsights_sitenote_note":"","_monsterinsights_sitenote_category":0,"_uf_show_specific_survey":0,"_uf_disable_surveys":false,"jetpack_post_was_ever_published":false,"_jetpack_newsletter_access":"","_jetpack_dont_email_post_to_subs":false,"_jetpack_newsletter_tier_id":0,"_jetpack_memberships_contains_paywalled_content":false,"_jetpack_memberships_contains_paid_content":false,"footnotes":"","jetpack_publicize_message":"","jetpack_publicize_feature_enabled":true,"jetpack_social_post_already_shared":false,"jetpack_social_options":{"image_generator_settings":{"template":"highway","default_image_id":0,"font":"","enabled":false},"version":2}},"categories":[19],"tags":[],"class_list":["post-9782","post","type-post","status-publish","format-standard","has-post-thumbnail","hentry","category-educacion"],"aioseo_notices":[],"views":6,"jetpack_publicize_connections":[],"jetpack_featured_media_url":"https:\/\/i0.wp.com\/elterritorialweb.com.ar\/web\/wp-content\/uploads\/2020\/03\/CONSEJO-GRAL-EDUC.jpg?fit=275%2C183&ssl=1","jetpack_sharing_enabled":true,"_links":{"self":[{"href":"https:\/\/elterritorialweb.com.ar\/web\/wp-json\/wp\/v2\/posts\/9782","targetHints":{"allow":["GET"]}}],"collection":[{"href":"https:\/\/elterritorialweb.com.ar\/web\/wp-json\/wp\/v2\/posts"}],"about":[{"href":"https:\/\/elterritorialweb.com.ar\/web\/wp-json\/wp\/v2\/types\/post"}],"author":[{"embeddable":true,"href":"https:\/\/elterritorialweb.com.ar\/web\/wp-json\/wp\/v2\/users\/2"}],"replies":[{"embeddable":true,"href":"https:\/\/elterritorialweb.com.ar\/web\/wp-json\/wp\/v2\/comments?post=9782"}],"version-history":[{"count":1,"href":"https:\/\/elterritorialweb.com.ar\/web\/wp-json\/wp\/v2\/posts\/9782\/revisions"}],"predecessor-version":[{"id":9783,"href":"https:\/\/elterritorialweb.com.ar\/web\/wp-json\/wp\/v2\/posts\/9782\/revisions\/9783"}],"wp:featuredmedia":[{"embeddable":true,"href":"https:\/\/elterritorialweb.com.ar\/web\/wp-json\/wp\/v2\/media\/2607"}],"wp:attachment":[{"href":"https:\/\/elterritorialweb.com.ar\/web\/wp-json\/wp\/v2\/media?parent=9782"}],"wp:term":[{"taxonomy":"category","embeddable":true,"href":"https:\/\/elterritorialweb.com.ar\/web\/wp-json\/wp\/v2\/categories?post=9782"},{"taxonomy":"post_tag","embeddable":true,"href":"https:\/\/elterritorialweb.com.ar\/web\/wp-json\/wp\/v2\/tags?post=9782"}],"curies":[{"name":"wp","href":"https:\/\/api.w.org\/{rel}","templated":true}]}}