{"id":9787,"date":"2020-08-21T22:42:52","date_gmt":"2020-08-21T22:42:52","guid":{"rendered":"http:\/\/elterritorialweb.com.ar\/web\/?p=9787"},"modified":"2020-08-21T22:42:53","modified_gmt":"2020-08-21T22:42:53","slug":"operativo-de-testeo-rapido-en-los-barrios-reconquista-y-villa-esther","status":"publish","type":"post","link":"https:\/\/elterritorialweb.com.ar\/web\/operativo-de-testeo-rapido-en-los-barrios-reconquista-y-villa-esther\/","title":{"rendered":"OPERATIVO DE TESTEO R\u00c1PIDO EN LOS BARRIOS RECONQUISTA Y VILLA ESTHER"},"content":{"rendered":"\n<p>El test r\u00e1pido es una prueba serol\u00f3gica que sirve como un primer filtro ya que permite detectar a trav\u00e9s de los anticuerpos si la persona tiene o tuvo la enfermedad en alg\u00fan momento, pero la confirmaci\u00f3n del diagn\u00f3stico siempre se realiza con un examen molecular que es la PCR (hisopado).<\/p>\n\n\n\n<figure class=\"wp-block-image size-large\"><img data-recalc-dims=\"1\" decoding=\"async\" width=\"640\" height=\"427\" data-src=\"https:\/\/i0.wp.com\/elterritorialweb.com.ar\/web\/wp-content\/uploads\/2020\/08\/TESTEO-RECONQUISTA-Y-VILLA-ESTHER-1.jpg?resize=640%2C427\" alt=\"\" class=\"wp-image-9789 lazyload\" data-srcset=\"https:\/\/i0.wp.com\/elterritorialweb.com.ar\/web\/wp-content\/uploads\/2020\/08\/TESTEO-RECONQUISTA-Y-VILLA-ESTHER-1.jpg?w=959&amp;ssl=1 959w, https:\/\/i0.wp.com\/elterritorialweb.com.ar\/web\/wp-content\/uploads\/2020\/08\/TESTEO-RECONQUISTA-Y-VILLA-ESTHER-1.jpg?resize=300%2C200&amp;ssl=1 300w, https:\/\/i0.wp.com\/elterritorialweb.com.ar\/web\/wp-content\/uploads\/2020\/08\/TESTEO-RECONQUISTA-Y-VILLA-ESTHER-1.jpg?resize=768%2C513&amp;ssl=1 768w, https:\/\/i0.wp.com\/elterritorialweb.com.ar\/web\/wp-content\/uploads\/2020\/08\/TESTEO-RECONQUISTA-Y-VILLA-ESTHER-1.jpg?resize=675%2C450&amp;ssl=1 675w\" data-sizes=\"(max-width: 640px) 100vw, 640px\" src=\"data:image\/svg+xml;base64,PHN2ZyB3aWR0aD0iMSIgaGVpZ2h0PSIxIiB4bWxucz0iaHR0cDovL3d3dy53My5vcmcvMjAwMC9zdmciPjwvc3ZnPg==\" style=\"--smush-placeholder-width: 640px; --smush-placeholder-aspect-ratio: 640\/427;\" \/><\/figure>\n\n\n\n<p>Las pruebas serol\u00f3gicas ayudan a tener una dimensi\u00f3n de la propagaci\u00f3n del virus, rastrear las cadenas de contagio o transmisi\u00f3n adem\u00e1s de identificar la transmisi\u00f3n del virus por zonas geogr\u00e1ficas.<\/p>\n\n\n\n<p>La tarea fue coordinada por personal de la UPA N\u00ba 3 a trav\u00e9s de la Dra. Lucia Lami, agente sanitario Cecilia G\u00f3mez y el educador sanitario Jos\u00e9 \u00c1lvarez.<\/p>\n\n\n\n<figure class=\"wp-block-image size-large\"><img data-recalc-dims=\"1\" decoding=\"async\" width=\"640\" height=\"427\" data-src=\"https:\/\/i0.wp.com\/elterritorialweb.com.ar\/web\/wp-content\/uploads\/2020\/08\/TESTEO-RECONQUISTA-Y-VILLA-ESTHER-2.jpg?resize=640%2C427\" alt=\"\" class=\"wp-image-9790 lazyload\" data-srcset=\"https:\/\/i0.wp.com\/elterritorialweb.com.ar\/web\/wp-content\/uploads\/2020\/08\/TESTEO-RECONQUISTA-Y-VILLA-ESTHER-2.jpg?w=959&amp;ssl=1 959w, https:\/\/i0.wp.com\/elterritorialweb.com.ar\/web\/wp-content\/uploads\/2020\/08\/TESTEO-RECONQUISTA-Y-VILLA-ESTHER-2.jpg?resize=300%2C200&amp;ssl=1 300w, https:\/\/i0.wp.com\/elterritorialweb.com.ar\/web\/wp-content\/uploads\/2020\/08\/TESTEO-RECONQUISTA-Y-VILLA-ESTHER-2.jpg?resize=768%2C513&amp;ssl=1 768w, https:\/\/i0.wp.com\/elterritorialweb.com.ar\/web\/wp-content\/uploads\/2020\/08\/TESTEO-RECONQUISTA-Y-VILLA-ESTHER-2.jpg?resize=675%2C450&amp;ssl=1 675w\" data-sizes=\"(max-width: 640px) 100vw, 640px\" src=\"data:image\/svg+xml;base64,PHN2ZyB3aWR0aD0iMSIgaGVpZ2h0PSIxIiB4bWxucz0iaHR0cDovL3d3dy53My5vcmcvMjAwMC9zdmciPjwvc3ZnPg==\" style=\"--smush-placeholder-width: 640px; --smush-placeholder-aspect-ratio: 640\/427;\" \/><\/figure>\n\n\n\n<p>La coordinadora Lucia Lami explic\u00f3 que los \u201ctesteos r\u00e1pidos se realizaran a ra\u00edz del caso positivo anunciado este martes en inmediaciones de las calles Par\u00eds y 1 de Mayo\u201d del barrio y agreg\u00f3 \u201ces muy importante que toda la comunidad cumpla con los protocolos que ya est\u00e1n establecidos, y toda la sociedad tome, por favor, las medidas que se les pide, y que cumplan con el uso del barbijo de la manera correspondiente y el uso del alcohol en gel\u201d y reflexion\u00f3 \u201cla irresponsabilidad de algunas personas nos lleva a estas cuestiones y luego tenemos que sufrir las consecuencias como sociedad\u201d.<\/p>\n\n\n\n<figure class=\"wp-block-image size-large\"><img data-recalc-dims=\"1\" decoding=\"async\" width=\"640\" height=\"427\" data-src=\"https:\/\/i0.wp.com\/elterritorialweb.com.ar\/web\/wp-content\/uploads\/2020\/08\/TESTEO-RECONQUISTA-Y-VILLA-ESTHER-3.jpg?resize=640%2C427\" alt=\"\" class=\"wp-image-9791 lazyload\" data-srcset=\"https:\/\/i0.wp.com\/elterritorialweb.com.ar\/web\/wp-content\/uploads\/2020\/08\/TESTEO-RECONQUISTA-Y-VILLA-ESTHER-3.jpg?w=959&amp;ssl=1 959w, https:\/\/i0.wp.com\/elterritorialweb.com.ar\/web\/wp-content\/uploads\/2020\/08\/TESTEO-RECONQUISTA-Y-VILLA-ESTHER-3.jpg?resize=300%2C200&amp;ssl=1 300w, https:\/\/i0.wp.com\/elterritorialweb.com.ar\/web\/wp-content\/uploads\/2020\/08\/TESTEO-RECONQUISTA-Y-VILLA-ESTHER-3.jpg?resize=768%2C513&amp;ssl=1 768w, https:\/\/i0.wp.com\/elterritorialweb.com.ar\/web\/wp-content\/uploads\/2020\/08\/TESTEO-RECONQUISTA-Y-VILLA-ESTHER-3.jpg?resize=675%2C450&amp;ssl=1 675w\" data-sizes=\"(max-width: 640px) 100vw, 640px\" src=\"data:image\/svg+xml;base64,PHN2ZyB3aWR0aD0iMSIgaGVpZ2h0PSIxIiB4bWxucz0iaHR0cDovL3d3dy53My5vcmcvMjAwMC9zdmciPjwvc3ZnPg==\" style=\"--smush-placeholder-width: 640px; --smush-placeholder-aspect-ratio: 640\/427;\" \/><\/figure>\n\n\n\n<p>Por su parte, el educador sanitario Jos\u00e9 \u00c1lvarez destac\u00f3 \u201cel gran apoyo que recibimos de parte del Gobierno provincial\u201d y agreg\u00f3 \u201cle pido a toda la sociedad que sean responsables para que los n\u00fameros de contagios no sigan aumentando\u201c.<\/p>\n","protected":false},"excerpt":{"rendered":"<p>Se realizaron operativos de Testeo R\u00e1pido en los barrios Reconquista y Villa Esther. Se completaron 100 testeos con la metodolog\u00eda de 8 hogares al azar en 9 manzanas a la redonda de un caso confirmado.<\/p>\n","protected":false},"author":2,"featured_media":9788,"comment_status":"open","ping_status":"open","sticky":false,"template":"","format":"standard","meta":{"om_disable_all_campaigns":false,"_monsterinsights_skip_tracking":false,"_monsterinsights_sitenote_active":false,"_monsterinsights_sitenote_note":"","_monsterinsights_sitenote_category":0,"_uf_show_specific_survey":0,"_uf_disable_surveys":false,"jetpack_post_was_ever_published":false,"_jetpack_newsletter_access":"","_jetpack_dont_email_post_to_subs":false,"_jetpack_newsletter_tier_id":0,"_jetpack_memberships_contains_paywalled_content":false,"_jetpack_memberships_contains_paid_content":false,"footnotes":"","jetpack_publicize_message":"","jetpack_publicize_feature_enabled":true,"jetpack_social_post_already_shared":false,"jetpack_social_options":{"image_generator_settings":{"template":"highway","default_image_id":0,"font":"","enabled":false},"version":2}},"categories":[3],"tags":[],"class_list":["post-9787","post","type-post","status-publish","format-standard","has-post-thumbnail","hentry","category-salud"],"aioseo_notices":[],"views":5,"jetpack_publicize_connections":[],"jetpack_featured_media_url":"https:\/\/i0.wp.com\/elterritorialweb.com.ar\/web\/wp-content\/uploads\/2020\/08\/TESTEO-RECONQUISTA-Y-VILLA-ESTHER.jpg?fit=927%2C709&ssl=1","jetpack_sharing_enabled":true,"_links":{"self":[{"href":"https:\/\/elterritorialweb.com.ar\/web\/wp-json\/wp\/v2\/posts\/9787","targetHints":{"allow":["GET"]}}],"collection":[{"href":"https:\/\/elterritorialweb.com.ar\/web\/wp-json\/wp\/v2\/posts"}],"about":[{"href":"https:\/\/elterritorialweb.com.ar\/web\/wp-json\/wp\/v2\/types\/post"}],"author":[{"embeddable":true,"href":"https:\/\/elterritorialweb.com.ar\/web\/wp-json\/wp\/v2\/users\/2"}],"replies":[{"embeddable":true,"href":"https:\/\/elterritorialweb.com.ar\/web\/wp-json\/wp\/v2\/comments?post=9787"}],"version-history":[{"count":1,"href":"https:\/\/elterritorialweb.com.ar\/web\/wp-json\/wp\/v2\/posts\/9787\/revisions"}],"predecessor-version":[{"id":9792,"href":"https:\/\/elterritorialweb.com.ar\/web\/wp-json\/wp\/v2\/posts\/9787\/revisions\/9792"}],"wp:featuredmedia":[{"embeddable":true,"href":"https:\/\/elterritorialweb.com.ar\/web\/wp-json\/wp\/v2\/media\/9788"}],"wp:attachment":[{"href":"https:\/\/elterritorialweb.com.ar\/web\/wp-json\/wp\/v2\/media?parent=9787"}],"wp:term":[{"taxonomy":"category","embeddable":true,"href":"https:\/\/elterritorialweb.com.ar\/web\/wp-json\/wp\/v2\/categories?post=9787"},{"taxonomy":"post_tag","embeddable":true,"href":"https:\/\/elterritorialweb.com.ar\/web\/wp-json\/wp\/v2\/tags?post=9787"}],"curies":[{"name":"wp","href":"https:\/\/api.w.org\/{rel}","templated":true}]}}